{"id":1772,"date":"2019-05-28T19:03:52","date_gmt":"2019-05-28T17:03:52","guid":{"rendered":"http:\/\/theexotic.ch\/?p=1772"},"modified":"2019-05-28T19:07:13","modified_gmt":"2019-05-28T17:07:13","slug":"period-rooms-noemie-etienne-presenting-in-bochum-may-23-2019","status":"publish","type":"post","link":"https:\/\/theexotic.ch\/?p=1772","title":{"rendered":"Period Rooms. No\u00e9mie Etienne presenting in Bochum, May 23, 2019."},"content":{"rendered":"<div id=\"middleCol\">\n<h2>Period Rooms and Cultural Transfer (Bochum, 22-23 May 19)<\/h2>\n<p id=\"info\">Ruhr-Universit\u00e4t Bochum, May 22\u00a0&#8211;\u00a023, 2019<\/p>\n<div id=\"body\">\n<p>Period Rooms as Hubs of Cultural Transfer (Workshop)<\/p>\n<p>The two-day workshop addresses the translocation of cultural assets, local and international museum networks as well as the current tasks and challenges museums are confronted with in dealing with the period room. The emergence and establishment of the period room in European and US-American museums is discussed as an international phenomenon that is largely based on the exchange of ideas and the transfer of objects. Beyond questions of provenance the period room display will be examined on the basis of the following questions: which conception of cultural identity accompanies the installation of period rooms? Which constructions of the \u201cself\u201d and the \u201cforeign\u201d are mediated through it, and which consequences result for current curatorial practices? The workshop is part of the research project \u201cPeriod rooms. Between exhibition space and living room negotiating past and present\u201d funded by the German Research Foundation (DFG) and it is organized by \u00c4nne S\u00f6ll (Ruhr-Universit\u00e4t Bochum) and Andrea Meyer (TU Berlin).<\/p>\n<\/div>\n<p>See program<a href=\"https:\/\/arthist.net\/archive\/20823\"> here. <\/a><\/p>\n<\/div>\n<p><img loading=\"lazy\" decoding=\"async\" class=\"aligncenter wp-image-1774\" src=\"http:\/\/theexotic.ch\/wp-content\/uploads\/2019\/05\/IMG_4038-300x225.jpg\" alt=\"\" width=\"725\" height=\"544\" srcset=\"https:\/\/theexotic.ch\/wp-content\/uploads\/2019\/05\/IMG_4038-300x225.jpg 300w, https:\/\/theexotic.ch\/wp-content\/uploads\/2019\/05\/IMG_4038-768x576.jpg 768w, https:\/\/theexotic.ch\/wp-content\/uploads\/2019\/05\/IMG_4038-1024x768.jpg 1024w\" sizes=\"auto, (max-width: 725px) 100vw, 725px\" \/><\/p>\n<p><img loading=\"lazy\" decoding=\"async\" class=\"aligncenter wp-image-1778\" src=\"http:\/\/theexotic.ch\/wp-content\/uploads\/2019\/05\/IMG_4039-300x225.jpg\" alt=\"\" width=\"737\" height=\"553\" srcset=\"https:\/\/theexotic.ch\/wp-content\/uploads\/2019\/05\/IMG_4039-300x225.jpg 300w, https:\/\/theexotic.ch\/wp-content\/uploads\/2019\/05\/IMG_4039-768x576.jpg 768w, https:\/\/theexotic.ch\/wp-content\/uploads\/2019\/05\/IMG_4039-1024x768.jpg 1024w\" sizes=\"auto, (max-width: 737px) 100vw, 737px\" \/><\/p>\n<p><img loading=\"lazy\" decoding=\"async\" class=\"aligncenter wp-image-1773\" src=\"http:\/\/theexotic.ch\/wp-content\/uploads\/2019\/05\/IMG_4037-300x225.jpg\" alt=\"\" width=\"735\" height=\"552\" srcset=\"https:\/\/theexotic.ch\/wp-content\/uploads\/2019\/05\/IMG_4037-300x225.jpg 300w, https:\/\/theexotic.ch\/wp-content\/uploads\/2019\/05\/IMG_4037-768x576.jpg 768w, https:\/\/theexotic.ch\/wp-content\/uploads\/2019\/05\/IMG_4037-1024x768.jpg 1024w\" sizes=\"auto, (max-width: 735px) 100vw, 735px\" \/><\/p>\n<p><img loading=\"lazy\" decoding=\"async\" class=\"aligncenter wp-image-1775\" src=\"http:\/\/theexotic.ch\/wp-content\/uploads\/2019\/05\/IMG_4046-1-300x225.jpg\" alt=\"\" width=\"738\" height=\"554\" srcset=\"https:\/\/theexotic.ch\/wp-content\/uploads\/2019\/05\/IMG_4046-1-300x225.jpg 300w, https:\/\/theexotic.ch\/wp-content\/uploads\/2019\/05\/IMG_4046-1-768x576.jpg 768w, https:\/\/theexotic.ch\/wp-content\/uploads\/2019\/05\/IMG_4046-1-1024x768.jpg 1024w\" sizes=\"auto, (max-width: 738px) 100vw, 738px\" \/><\/p>\n","protected":false},"excerpt":{"rendered":"<p>Period Rooms and Cultural Transfer (Bochum, 22-23 May 19) Ruhr-Universit\u00e4t Bochum, May 22\u00a0&#8211;\u00a023, 2019 Period Rooms as Hubs of Cultural Transfer (Workshop) The&hellip;<\/p>\n","protected":false},"author":2,"featured_media":1776,"comment_status":"closed","ping_status":"closed","sticky":false,"template":"","format":"standard","meta":{"footnotes":""},"categories":[7],"tags":[],"class_list":["post-1772","post","type-post","status-publish","format-standard","has-post-thumbnail","hentry","category-news"],"_links":{"self":[{"href":"https:\/\/theexotic.ch\/index.php?rest_route=\/wp\/v2\/posts\/1772","targetHints":{"allow":["GET"]}}],"collection":[{"href":"https:\/\/theexotic.ch\/index.php?rest_route=\/wp\/v2\/posts"}],"about":[{"href":"https:\/\/theexotic.ch\/index.php?rest_route=\/wp\/v2\/types\/post"}],"author":[{"embeddable":true,"href":"https:\/\/theexotic.ch\/index.php?rest_route=\/wp\/v2\/users\/2"}],"replies":[{"embeddable":true,"href":"https:\/\/theexotic.ch\/index.php?rest_route=%2Fwp%2Fv2%2Fcomments&post=1772"}],"version-history":[{"count":6,"href":"https:\/\/theexotic.ch\/index.php?rest_route=\/wp\/v2\/posts\/1772\/revisions"}],"predecessor-version":[{"id":1784,"href":"https:\/\/theexotic.ch\/index.php?rest_route=\/wp\/v2\/posts\/1772\/revisions\/1784"}],"wp:featuredmedia":[{"embeddable":true,"href":"https:\/\/theexotic.ch\/index.php?rest_route=\/wp\/v2\/media\/1776"}],"wp:attachment":[{"href":"https:\/\/theexotic.ch\/index.php?rest_route=%2Fwp%2Fv2%2Fmedia&parent=1772"}],"wp:term":[{"taxonomy":"category","embeddable":true,"href":"https:\/\/theexotic.ch\/index.php?rest_route=%2Fwp%2Fv2%2Fcategories&post=1772"},{"taxonomy":"post_tag","embeddable":true,"href":"https:\/\/theexotic.ch\/index.php?rest_route=%2Fwp%2Fv2%2Ftags&post=1772"}],"curies":[{"name":"wp","href":"https:\/\/api.w.org\/{rel}","templated":true}]}}