{"id":1952,"date":"2020-01-08T11:05:30","date_gmt":"2020-01-08T09:05:30","guid":{"rendered":"http:\/\/theexotic.ch\/?p=1952"},"modified":"2020-01-08T11:07:18","modified_gmt":"2020-01-08T09:07:18","slug":"opening-of-alles-zerfallt-kunstmuseum-bern-curated-by-etienne-wismer-12-dec-2019","status":"publish","type":"post","link":"https:\/\/theexotic.ch\/?p=1952","title":{"rendered":"Opening of: Alles zerf\u00e4llt, Kunstmuseum Bern, curated by Etienne Wismer, 12 dec. 2019."},"content":{"rendered":"<h1>Alles zerf\u00e4llt. <span class=\"input\">Schweizer Kunst von B\u00f6cklin bis Vallotton.<\/span><\/h1>\n<p>Kunstmuseum Bern, curated by Etienne Wismer and Marta Dziewa\u0144ska.<\/p>\n<p>See more<a href=\"https:\/\/www.kunstmuseumbern.ch\/sehen\/heute\/855-alles-zerfaellt-120.html\"> here<\/a>.<\/p>\n<p><img loading=\"lazy\" decoding=\"async\" class=\"aligncenter wp-image-1954\" src=\"http:\/\/theexotic.ch\/wp-content\/uploads\/2019\/12\/ad847d51-48cd-439a-8338-c83a3f797292-300x225.jpg\" alt=\"\" width=\"620\" height=\"465\" srcset=\"https:\/\/theexotic.ch\/wp-content\/uploads\/2019\/12\/ad847d51-48cd-439a-8338-c83a3f797292-300x225.jpg 300w, https:\/\/theexotic.ch\/wp-content\/uploads\/2019\/12\/ad847d51-48cd-439a-8338-c83a3f797292-768x576.jpg 768w, https:\/\/theexotic.ch\/wp-content\/uploads\/2019\/12\/ad847d51-48cd-439a-8338-c83a3f797292-1024x768.jpg 1024w, https:\/\/theexotic.ch\/wp-content\/uploads\/2019\/12\/ad847d51-48cd-439a-8338-c83a3f797292.jpg 1280w\" sizes=\"auto, (max-width: 620px) 100vw, 620px\" \/><\/p>\n<p>&nbsp;<\/p>\n<p><img loading=\"lazy\" decoding=\"async\" class=\"aligncenter wp-image-1955\" src=\"http:\/\/theexotic.ch\/wp-content\/uploads\/2019\/12\/685b6999-82f3-4be0-bf31-d5284735e8a8-300x225.jpg\" alt=\"\" width=\"620\" height=\"465\" srcset=\"https:\/\/theexotic.ch\/wp-content\/uploads\/2019\/12\/685b6999-82f3-4be0-bf31-d5284735e8a8-300x225.jpg 300w, https:\/\/theexotic.ch\/wp-content\/uploads\/2019\/12\/685b6999-82f3-4be0-bf31-d5284735e8a8-768x576.jpg 768w, https:\/\/theexotic.ch\/wp-content\/uploads\/2019\/12\/685b6999-82f3-4be0-bf31-d5284735e8a8-1024x768.jpg 1024w, https:\/\/theexotic.ch\/wp-content\/uploads\/2019\/12\/685b6999-82f3-4be0-bf31-d5284735e8a8.jpg 2048w\" sizes=\"auto, (max-width: 620px) 100vw, 620px\" \/><\/p>\n","protected":false},"excerpt":{"rendered":"<p>Alles zerf\u00e4llt. Schweizer Kunst von B\u00f6cklin bis Vallotton. Kunstmuseum Bern, curated by Etienne Wismer and Marta Dziewa\u0144ska. See more here. &nbsp;<\/p>\n","protected":false},"author":2,"featured_media":1953,"comment_status":"closed","ping_status":"closed","sticky":false,"template":"","format":"standard","meta":{"footnotes":""},"categories":[7],"tags":[],"class_list":["post-1952","post","type-post","status-publish","format-standard","has-post-thumbnail","hentry","category-news"],"_links":{"self":[{"href":"https:\/\/theexotic.ch\/index.php?rest_route=\/wp\/v2\/posts\/1952","targetHints":{"allow":["GET"]}}],"collection":[{"href":"https:\/\/theexotic.ch\/index.php?rest_route=\/wp\/v2\/posts"}],"about":[{"href":"https:\/\/theexotic.ch\/index.php?rest_route=\/wp\/v2\/types\/post"}],"author":[{"embeddable":true,"href":"https:\/\/theexotic.ch\/index.php?rest_route=\/wp\/v2\/users\/2"}],"replies":[{"embeddable":true,"href":"https:\/\/theexotic.ch\/index.php?rest_route=%2Fwp%2Fv2%2Fcomments&post=1952"}],"version-history":[{"count":4,"href":"https:\/\/theexotic.ch\/index.php?rest_route=\/wp\/v2\/posts\/1952\/revisions"}],"predecessor-version":[{"id":1965,"href":"https:\/\/theexotic.ch\/index.php?rest_route=\/wp\/v2\/posts\/1952\/revisions\/1965"}],"wp:featuredmedia":[{"embeddable":true,"href":"https:\/\/theexotic.ch\/index.php?rest_route=\/wp\/v2\/media\/1953"}],"wp:attachment":[{"href":"https:\/\/theexotic.ch\/index.php?rest_route=%2Fwp%2Fv2%2Fmedia&parent=1952"}],"wp:term":[{"taxonomy":"category","embeddable":true,"href":"https:\/\/theexotic.ch\/index.php?rest_route=%2Fwp%2Fv2%2Fcategories&post=1952"},{"taxonomy":"post_tag","embeddable":true,"href":"https:\/\/theexotic.ch\/index.php?rest_route=%2Fwp%2Fv2%2Ftags&post=1952"}],"curies":[{"name":"wp","href":"https:\/\/api.w.org\/{rel}","templated":true}]}}