{"id":2351,"date":"2021-01-11T11:59:00","date_gmt":"2021-01-11T09:59:00","guid":{"rendered":"http:\/\/theexotic.ch\/?p=2351"},"modified":"2021-01-11T12:01:13","modified_gmt":"2021-01-11T10:01:13","slug":"on-weds-jan-13th-listen-to-noemie-etienne-france-culture-9-10h","status":"publish","type":"post","link":"https:\/\/theexotic.ch\/?p=2351","title":{"rendered":"On Wed. Jan. 13th, listen to No\u00e9mie Etienne @France Culture, 9-10h."},"content":{"rendered":"<p><span class=\"break-words\"><span dir=\"ltr\">Cette semaine dans Le Cours de l&#8217;histoire tous les jours \u00e0 9h05 sur <a href=\"https:\/\/www.linkedin.com\/company\/franceculture\/\" data-attribute-index=\"0\" data-entity-hovercard-id=\"urn:li:fs_miniCompany:11836782\" data-entity-type=\"MINI_COMPANY\">France Culture<\/a> : histoire de mus\u00e9es (en attendant de pouvoir y retourner). Mus\u00e9es en temps de guerre et art d&#8217;exposer, qu&#8217;est-ce qu&#8217;un mus\u00e9e et \u00e0 quoi sert-il ?<br \/>\nS\u00e9rie de 4 \u00e9missions du lundi au jeudi&#8230;<\/span><\/span><\/p>\n<p><span class=\"break-words\"><span dir=\"ltr\"><br \/>\n&#8211; Lundi : Pourquoi les mus\u00e9es ? Avec Krzysztof Pomian, philosophe, historien, et <a href=\"https:\/\/www.linkedin.com\/in\/ACoAAA8Y8JoBuxHYjkomy-QaZF98dEHdZk6r3rw\" data-attribute-index=\"2\" data-entity-hovercard-id=\"urn:li:fs_miniProfile:ACoAAA8Y8JoBuxHYjkomy-QaZF98dEHdZk6r3rw\" data-entity-type=\"MINI_PROFILE\">Caroline Vrand<\/a>, conservatrice du patrimoine ;<\/span><\/span><\/p>\n<p><span class=\"break-words\"><span dir=\"ltr\">&#8211; Mardi : Les mus\u00e9es en temps de guerre, avec <a href=\"https:\/\/www.linkedin.com\/in\/ACoAABLrj7gBmLRDtNqCqr3eDbTzQ6jawW5Q5f0\" data-attribute-index=\"4\" data-entity-hovercard-id=\"urn:li:fs_miniProfile:ACoAABLrj7gBmLRDtNqCqr3eDbTzQ6jawW5Q5f0\" data-entity-type=\"MINI_PROFILE\">Arnaud Bertinet<\/a>, Patrick Gourlay, et Jocelyne Deschaux ;<\/span><\/span><\/p>\n<p><strong><span class=\"break-words\"><span dir=\"ltr\">&#8211; Mercredi : Voir et montrer, l&#8217;art d&#8217;exposer les \u0153uvres, avec <a href=\"https:\/\/www.linkedin.com\/in\/ACoAAAOwNbkBj2HOqitql_7L4zUsrbO9C14pkPs\" data-attribute-index=\"6\" data-entity-hovercard-id=\"urn:li:fs_miniProfile:ACoAAAOwNbkBj2HOqitql_7L4zUsrbO9C14pkPs\" data-entity-type=\"MINI_PROFILE\">No\u00e9mie Etienne<\/a> et\u00a0 <a href=\"https:\/\/www.linkedin.com\/in\/ACoAAB0Jl9kBV3oeWlz03XrsHJiT6uU7mkGipeA\" data-attribute-index=\"8\" data-entity-hovercard-id=\"urn:li:fs_miniProfile:ACoAAB0Jl9kBV3oeWlz03XrsHJiT6uU7mkGipeA\" data-entity-type=\"MINI_PROFILE\">Fran\u00e7ois Mairesse<\/a>.<\/span><\/span><\/strong><\/p>\n<p><span class=\"break-words\"><span dir=\"ltr\">&#8211; Jeudi : Quand les mus\u00e9es racontent l\u2019histoire de la nation fran\u00e7aise, avec Dominique <a href=\"https:\/\/www.linkedin.com\/in\/ACoAAAha-OcBI7MRWJpgR_s0LM1oOVm8bO1c8yI\" data-attribute-index=\"10\" data-entity-hovercard-id=\"urn:li:fs_miniProfile:ACoAAAha-OcBI7MRWJpgR_s0LM1oOVm8bO1c8yI\" data-entity-type=\"MINI_PROFILE\">Dominique Poulot<\/a>.<\/span><\/span><\/p>\n","protected":false},"excerpt":{"rendered":"<p>Cette semaine dans Le Cours de l&#8217;histoire tous les jours \u00e0 9h05 sur France Culture : histoire de mus\u00e9es (en attendant de pouvoir&hellip;<\/p>\n","protected":false},"author":2,"featured_media":2353,"comment_status":"closed","ping_status":"closed","sticky":false,"template":"","format":"standard","meta":{"footnotes":""},"categories":[7],"tags":[],"class_list":["post-2351","post","type-post","status-publish","format-standard","has-post-thumbnail","hentry","category-news"],"_links":{"self":[{"href":"https:\/\/theexotic.ch\/index.php?rest_route=\/wp\/v2\/posts\/2351","targetHints":{"allow":["GET"]}}],"collection":[{"href":"https:\/\/theexotic.ch\/index.php?rest_route=\/wp\/v2\/posts"}],"about":[{"href":"https:\/\/theexotic.ch\/index.php?rest_route=\/wp\/v2\/types\/post"}],"author":[{"embeddable":true,"href":"https:\/\/theexotic.ch\/index.php?rest_route=\/wp\/v2\/users\/2"}],"replies":[{"embeddable":true,"href":"https:\/\/theexotic.ch\/index.php?rest_route=%2Fwp%2Fv2%2Fcomments&post=2351"}],"version-history":[{"count":4,"href":"https:\/\/theexotic.ch\/index.php?rest_route=\/wp\/v2\/posts\/2351\/revisions"}],"predecessor-version":[{"id":2356,"href":"https:\/\/theexotic.ch\/index.php?rest_route=\/wp\/v2\/posts\/2351\/revisions\/2356"}],"wp:featuredmedia":[{"embeddable":true,"href":"https:\/\/theexotic.ch\/index.php?rest_route=\/wp\/v2\/media\/2353"}],"wp:attachment":[{"href":"https:\/\/theexotic.ch\/index.php?rest_route=%2Fwp%2Fv2%2Fmedia&parent=2351"}],"wp:term":[{"taxonomy":"category","embeddable":true,"href":"https:\/\/theexotic.ch\/index.php?rest_route=%2Fwp%2Fv2%2Fcategories&post=2351"},{"taxonomy":"post_tag","embeddable":true,"href":"https:\/\/theexotic.ch\/index.php?rest_route=%2Fwp%2Fv2%2Ftags&post=2351"}],"curies":[{"name":"wp","href":"https:\/\/api.w.org\/{rel}","templated":true}]}}