{"id":2361,"date":"2021-01-14T18:57:09","date_gmt":"2021-01-14T16:57:09","guid":{"rendered":"http:\/\/theexotic.ch\/?p=2361"},"modified":"2021-01-25T13:24:58","modified_gmt":"2021-01-25T11:24:58","slug":"switzerland-and-slavery-a-roundtable-online-jan-22th-2021","status":"publish","type":"post","link":"https:\/\/theexotic.ch\/?p=2361","title":{"rendered":"Switzerland and Slavery: A roundtable, online, Jan. 22th, 2021"},"content":{"rendered":"<p align=\"justify\"><span style=\"font-family: Calibri,sans-serif; font-size: small;\"><span style=\"font-family: Arial Narrow,sans-serif;\"><b>L\u2019esclavage et la Suisse, d\u2019hier \u00e0 aujourd\u2019hui, table ronde sur zoom\u00a0: <\/b><\/span><a href=\"https:\/\/unibe-ch.zoom.us\/j\/99382816861\" target=\"_blank\" rel=\"noopener noreferrer\"><span style=\"font-family: Arial Narrow,sans-serif;\">https:\/\/unibe-ch.zoom.us\/j\/99382816861<\/span><\/a><\/span><\/p>\n<p align=\"justify\"><span style=\"font-family: Calibri,sans-serif; font-size: small;\"><span style=\"font-family: Arial Narrow,sans-serif;\"><b>Vendredi 22 janvier 2021, 18h-19h15<\/b><\/span><\/span><\/p>\n<p align=\"justify\"><span style=\"font-family: Calibri,sans-serif; font-size: small;\"><span style=\"font-family: Arial Narrow,sans-serif; font-size: small;\">Au 18<\/span><span style=\"font-family: Arial Narrow,sans-serif;\"><sup>e<\/sup><\/span><span style=\"font-family: Arial Narrow,sans-serif; font-size: small;\">et 19<\/span><span style=\"font-family: Arial Narrow,sans-serif;\"><sup>e<\/sup><\/span><span style=\"font-family: Arial Narrow,sans-serif; font-size: small;\"> si\u00e8cles, certains Suisses ont particip\u00e9 au commerce d\u2019esclaves. Quelle a \u00e9t\u00e9 leur implication dans la traite n\u00e9gri\u00e8re? Comment pouvons-nous assumer ce pass\u00e9\u00a0? Et aujourd\u2019hui\u00a0? L\u2019esclavage a-t-il vraiment disparu ou perdure-t-il sous une forme moderne ? Dans le cadre de l\u2019exposition <\/span><span style=\"font-family: Arial Narrow,sans-serif; font-size: small;\"><b>EXOTIC\u00a0?<\/b><\/span><span style=\"font-family: Arial Narrow,sans-serif; font-size: small;\">, les mus\u00e9es du Palais de Rumine et l\u2019Universit\u00e9 de Berne proposent une table ronde pour d\u00e9battre de ce sujet d\u2019actualit\u00e9, comme le montrent les pol\u00e9miques r\u00e9centes autour des statues de David de Pury ou d\u2019Alfred Escher. <\/span><\/span><\/p>\n<p align=\"justify\"><span style=\"font-family: Calibri,sans-serif; font-size: small;\"><span style=\"font-family: Arial Narrow,sans-serif; font-size: small;\"><b>Intervenant.e<\/b><\/span><\/span><\/p>\n<p align=\"justify\"><span style=\"font-family: Calibri,sans-serif; font-size: small;\"><span style=\"font-family: Arial Narrow,sans-serif; font-size: small;\"><b>Anne Ansermet Pagot\/Angela Oriti\u00a0<\/b><\/span><span style=\"font-family: Arial Narrow,sans-serif; font-size: small;\">: Co-directrices de l\u2019Association <\/span><a href=\"https:\/\/www.astree.ch\/\" target=\"_blank\" rel=\"noopener noreferrer\"><span style=\"font-family: Arial Narrow,sans-serif; font-size: small;\">ASTREE<\/span><\/a><span style=\"font-family: Arial Narrow,sans-serif; font-size: small;\"> (Association de soutien aux victimes de traite et d&#8217;exploitation)<\/span><\/span><\/p>\n<p><span style=\"font-family: Calibri,sans-serif; font-size: small;\"><span style=\"font-family: Arial Narrow,sans-serif; font-size: small;\"><b>Izabel Barros<\/b><\/span><span style=\"font-family: Arial Narrow,sans-serif; font-size: small;\"> : Historienne, responsable du programme politique de paix f\u00e9ministe au <\/span><a href=\"https:\/\/www.cfd-ch.org\/\" target=\"_blank\" rel=\"noopener noreferrer\"><span style=\"font-family: Arial Narrow,sans-serif; font-size: small;\">cfd<\/span><\/a><span style=\"font-family: Arial Narrow,sans-serif; font-size: small;\">, f\u00e9ministe intersectionnelle d\u00e9coloniale (<\/span><a href=\"https:\/\/berner-rassismusstammtisch.ch\/\" target=\"_blank\" rel=\"noopener noreferrer\"><span style=\"font-family: Arial Narrow,sans-serif; font-size: small;\">Berner Rassismus Stammtisch<\/span><\/a><span style=\"font-family: Arial Narrow,sans-serif; font-size: small;\">, <\/span><span style=\"font-family: Arial Narrow,sans-serif; font-size: small;\">Critical Whiteness Gruppe Bern, <\/span><a href=\"https:\/\/www.experitheater.ch\/blackbox\/\" target=\"_blank\" rel=\"noopener noreferrer\"><span style=\"font-family: Arial Narrow,sans-serif; font-size: small;\">Black Box<\/span><\/a><span style=\"font-family: Arial Narrow,sans-serif; font-size: small;\">). Ancienne responsable de projets et collaboratrice scientifique \u00e0 la <\/span><a href=\"https:\/\/cooperaxion.org\/\" target=\"_blank\" rel=\"noopener noreferrer\"><span style=\"font-family: Arial Narrow,sans-serif; font-size: small;\">fondation Cooperaxion<\/span><\/a><span style=\"font-family: Arial Narrow,sans-serif; font-size: small;\">, co-r\u00e9dactrice et chercheuse de la carte interactive <\/span><a href=\"https:\/\/bern-kolonial.ch\/wilkommen\" target=\"_blank\" rel=\"noopener noreferrer\"><span style=\"font-family: Arial Narrow,sans-serif; font-size: small;\">bern-kolonial <\/span><\/a><\/span><\/p>\n<p><span style=\"font-family: Calibri,sans-serif; font-size: small;\"><span style=\"font-family: Arial Narrow,sans-serif; font-size: small;\"><b>Hans F\u00e4ssler<\/b><\/span><span style=\"font-family: Arial Narrow,sans-serif; font-size: small;\">\u00a0: Historien, auteur et activiste s\u2019engageant pour le <\/span><a href=\"https:\/\/louverture.ch\/\" target=\"_blank\" rel=\"noopener noreferrer\"><span style=\"font-family: Arial Narrow,sans-serif; font-size: small;\">payement des r\u00e9parations aux descendants de l\u2019esclavage<\/span><\/a><\/span><\/p>\n<p align=\"justify\"><span style=\"font-family: Calibri,sans-serif; font-size: small;\"><span style=\"font-family: Arial Narrow,sans-serif; font-size: small;\"><b>Olivier Pavillon<\/b><\/span><span style=\"font-family: Arial Narrow,sans-serif; font-size: small;\">\u00a0: Ancien directeur du mus\u00e9e historique de Lausanne et auteur du livre\u00a0<\/span><a href=\"https:\/\/www.antipodes.ch\/produit\/des-suisses-au-coeur-de-la-traite-et-de-la-colonisation\/\" target=\"_blank\" rel=\"noopener noreferrer\"><span style=\"font-family: Arial Narrow,sans-serif; font-size: small;\"><i>Des Suisses au c\u0153ur de la traite n\u00e9gri\u00e8re<\/i><\/span><span style=\"font-family: Arial Narrow,sans-serif; font-size: small;\">.<\/span><\/a><\/span><\/p>\n<p align=\"justify\"><span style=\"font-family: Calibri,sans-serif; font-size: small;\"><span style=\"font-family: Arial Narrow,sans-serif;\"><b>Programme d\u00e9taill\u00e9\u00a0: <\/b><\/span><a href=\"http:\/\/www.palaisderumine.ch\/fr\/expositions\/exotic\/table-ronde\/\" target=\"_blank\" rel=\"noopener noreferrer\"><span style=\"font-family: Arial Narrow,sans-serif;\"><b>http:\/\/www.palaisderumine.ch\/fr\/expositions\/exotic\/table-ronde\/<\/b><\/span><\/a><\/span><\/p>\n","protected":false},"excerpt":{"rendered":"<p>L\u2019esclavage et la Suisse, d\u2019hier \u00e0 aujourd\u2019hui, table ronde sur zoom\u00a0: https:\/\/unibe-ch.zoom.us\/j\/99382816861 Vendredi 22 janvier 2021, 18h-19h15 Au 18eet 19e si\u00e8cles, certains Suisses&hellip;<\/p>\n","protected":false},"author":2,"featured_media":2362,"comment_status":"closed","ping_status":"closed","sticky":false,"template":"","format":"standard","meta":{"footnotes":""},"categories":[7],"tags":[],"class_list":["post-2361","post","type-post","status-publish","format-standard","has-post-thumbnail","hentry","category-news"],"_links":{"self":[{"href":"https:\/\/theexotic.ch\/index.php?rest_route=\/wp\/v2\/posts\/2361","targetHints":{"allow":["GET"]}}],"collection":[{"href":"https:\/\/theexotic.ch\/index.php?rest_route=\/wp\/v2\/posts"}],"about":[{"href":"https:\/\/theexotic.ch\/index.php?rest_route=\/wp\/v2\/types\/post"}],"author":[{"embeddable":true,"href":"https:\/\/theexotic.ch\/index.php?rest_route=\/wp\/v2\/users\/2"}],"replies":[{"embeddable":true,"href":"https:\/\/theexotic.ch\/index.php?rest_route=%2Fwp%2Fv2%2Fcomments&post=2361"}],"version-history":[{"count":1,"href":"https:\/\/theexotic.ch\/index.php?rest_route=\/wp\/v2\/posts\/2361\/revisions"}],"predecessor-version":[{"id":2363,"href":"https:\/\/theexotic.ch\/index.php?rest_route=\/wp\/v2\/posts\/2361\/revisions\/2363"}],"wp:featuredmedia":[{"embeddable":true,"href":"https:\/\/theexotic.ch\/index.php?rest_route=\/wp\/v2\/media\/2362"}],"wp:attachment":[{"href":"https:\/\/theexotic.ch\/index.php?rest_route=%2Fwp%2Fv2%2Fmedia&parent=2361"}],"wp:term":[{"taxonomy":"category","embeddable":true,"href":"https:\/\/theexotic.ch\/index.php?rest_route=%2Fwp%2Fv2%2Fcategories&post=2361"},{"taxonomy":"post_tag","embeddable":true,"href":"https:\/\/theexotic.ch\/index.php?rest_route=%2Fwp%2Fv2%2Ftags&post=2361"}],"curies":[{"name":"wp","href":"https:\/\/api.w.org\/{rel}","templated":true}]}}