{"id":2413,"date":"2021-02-25T12:01:10","date_gmt":"2021-02-25T10:01:10","guid":{"rendered":"http:\/\/theexotic.ch\/?p=2413"},"modified":"2021-02-25T15:16:40","modified_gmt":"2021-02-25T13:16:40","slug":"new-seminar-online-usages-historiens-des-objets-ii-with-manuel-charpy-inha","status":"publish","type":"post","link":"https:\/\/theexotic.ch\/?p=2413","title":{"rendered":"New seminar online! Usages (historiens) des objets, II. With Manuel Charpy @INHA."},"content":{"rendered":"<p><a href=\"http:\/\/theexotic.ch\/wp-content\/uploads\/2021\/02\/se\u0301minaire-Usages-historiens-des-objets-2021.pdf\">Download full program: Se\u0301minaire Usages (historiens) des objets &#8211; 2021<\/a><\/p>\n<p>Weds. 10h-12h.<\/p>\n<p>Permanent link:<\/p>\n<p><a href=\"https:\/\/unibe-ch.zoom.us\/j\/96045284943\" data-saferedirecturl=\"https:\/\/www.google.com\/url?q=https:\/\/unibe-ch.zoom.us\/j\/96045284943&amp;source=gmail&amp;ust=1614333538618000&amp;usg=AFQjCNGp_ZEdp1zWE9MVGe6rLbK6sjSx-Q\">https:\/\/unibe-ch.zoom.us\/j\/96045284943<\/a><\/p>\n<p>Mercredi 3 mars<\/p>\n<p>Introduction \u2013 Des objets comme sujets<\/p>\n<p>No\u00e9mie \u00c9tienne (Universit\u00e9 de Berne)<\/p>\n<p>Manuel Charpy (CNRS)<\/p>\n<p><strong>Mercredi 24 mars<\/strong><\/p>\n<p>\u00c9crire et restituer les objets<\/p>\n<p>Margaux Dumas (Universit\u00e9 de Paris)<\/p>\n<p><strong>Mercredi 14 avril<\/strong><\/p>\n<p>La mat\u00e9rialit\u00e9 des rites d\u2019initiation masculine des Anga de\u00a0Nouvelle-Guin\u00e9e : objets, gestes et actions m\u00e9caniques loin, tr\u00e8s loin du symbolisme<\/p>\n<p>Pierre Lemonnier (Universit\u00e9 Aix-Marseille Universit\u00e9, CREDO)<\/p>\n<p><strong>Mercredi 5 mai<\/strong><\/p>\n<p>R\u00e9flexions sur les collections des mus\u00e9es de l\u2019IFAN<\/p>\n<p>Ya\u00eblle Biro (Conservatrice associ\u00e9e, Arts de l\u2019Afrique, Metropolitan Museum of Art, New York)<\/p>\n<p><strong>Mercredi 26 mai<\/strong><\/p>\n<p>Objets folkloriques ou objets populaires ?<\/p>\n<p>Aude Fanlo (responsable du d\u00e9partement recherche et enseignement au MUCEM)<\/p>\n<p>Marie-Charlotte Calafat (Responsable du d\u00e9partement des collections et des ressources documentaires du MUCEM)<\/p>\n<p><strong>Mercredi 2 juin<\/strong><\/p>\n<p>Des objets \u00e9conomiques expos\u00e9s, XIXe-XXIe si\u00e8cles<\/p>\n<p>Sophie Cras (Universit\u00e9 Paris I)<\/p>\n<p><strong>Mercredi 23 juin<\/strong><\/p>\n<p>Faire de l\u2019histoire avec des objets. Retour sur exp\u00e9rience film\u00e9e<\/p>\n<p>Patrick Boucheron (Coll\u00e8ge de France)<\/p>\n<p>Cl\u00e9ment Fabre (Universit\u00e9 de Paris I)<\/p>\n<p>Adrien Genoudet (auteur et r\u00e9alisateur)<\/p>\n<p>Yann Potin (Archives nationales)<\/p>\n","protected":false},"excerpt":{"rendered":"<p>Download full program: Se\u0301minaire Usages (historiens) des objets &#8211; 2021 Weds. 10h-12h. Permanent link: https:\/\/unibe-ch.zoom.us\/j\/96045284943 Mercredi 3 mars Introduction \u2013 Des objets comme&hellip;<\/p>\n","protected":false},"author":2,"featured_media":2415,"comment_status":"closed","ping_status":"closed","sticky":false,"template":"","format":"standard","meta":{"footnotes":""},"categories":[7],"tags":[],"class_list":["post-2413","post","type-post","status-publish","format-standard","has-post-thumbnail","hentry","category-news"],"_links":{"self":[{"href":"https:\/\/theexotic.ch\/index.php?rest_route=\/wp\/v2\/posts\/2413","targetHints":{"allow":["GET"]}}],"collection":[{"href":"https:\/\/theexotic.ch\/index.php?rest_route=\/wp\/v2\/posts"}],"about":[{"href":"https:\/\/theexotic.ch\/index.php?rest_route=\/wp\/v2\/types\/post"}],"author":[{"embeddable":true,"href":"https:\/\/theexotic.ch\/index.php?rest_route=\/wp\/v2\/users\/2"}],"replies":[{"embeddable":true,"href":"https:\/\/theexotic.ch\/index.php?rest_route=%2Fwp%2Fv2%2Fcomments&post=2413"}],"version-history":[{"count":2,"href":"https:\/\/theexotic.ch\/index.php?rest_route=\/wp\/v2\/posts\/2413\/revisions"}],"predecessor-version":[{"id":2420,"href":"https:\/\/theexotic.ch\/index.php?rest_route=\/wp\/v2\/posts\/2413\/revisions\/2420"}],"wp:featuredmedia":[{"embeddable":true,"href":"https:\/\/theexotic.ch\/index.php?rest_route=\/wp\/v2\/media\/2415"}],"wp:attachment":[{"href":"https:\/\/theexotic.ch\/index.php?rest_route=%2Fwp%2Fv2%2Fmedia&parent=2413"}],"wp:term":[{"taxonomy":"category","embeddable":true,"href":"https:\/\/theexotic.ch\/index.php?rest_route=%2Fwp%2Fv2%2Fcategories&post=2413"},{"taxonomy":"post_tag","embeddable":true,"href":"https:\/\/theexotic.ch\/index.php?rest_route=%2Fwp%2Fv2%2Ftags&post=2413"}],"curies":[{"name":"wp","href":"https:\/\/api.w.org\/{rel}","templated":true}]}}