{"id":2483,"date":"2021-05-11T08:52:13","date_gmt":"2021-05-11T06:52:13","guid":{"rendered":"http:\/\/theexotic.ch\/?p=2483"},"modified":"2021-05-11T08:52:13","modified_gmt":"2021-05-11T06:52:13","slug":"listen-to-noemie-etienne-on-may-12-beaux-arts-de-paris","status":"publish","type":"post","link":"https:\/\/theexotic.ch\/?p=2483","title":{"rendered":"Listen to No\u00e9mie Etienne, on May 12 @Beaux-arts de Paris"},"content":{"rendered":"<div><span style=\"font-family: Calibri,sans-serif; font-size: small;\"><span style=\"font-family: Arial,sans-serif; font-size: small;\"><b>S\u00e9minaire L\u2019entour<\/b><\/span><\/span><\/div>\n<div><span style=\"font-family: Calibri,sans-serif; font-size: small;\"><span style=\"font-family: Arial,sans-serif; font-size: small;\">Histoire et technique de la sc\u00e9nographie d\u2019exposition<\/span><\/span><\/div>\n<div><span style=\"font-family: Calibri,sans-serif; font-size: small;\"><span style=\"color: black; font-family: Arial,sans-serif; font-size: small;\">Enseignement commun\u00a0:<\/span><\/span><\/div>\n<div><span style=\"font-family: Calibri,sans-serif; font-size: small;\"><span style=\"color: black; font-family: Arial,sans-serif; font-size: small;\">Beaux-Arts de Paris &amp; Ecole nationale sup\u00e9rieure d\u2019architecture Paris-Malaquais<\/span><\/span><\/div>\n<div><span style=\"font-family: Calibri,sans-serif; font-size: small;\"><span style=\"color: black; font-family: Arial,sans-serif; font-size: small;\">Conf\u00e9rence du mercredi 12 mai<\/span><span style=\"font-family: Arial,sans-serif; font-size: small;\"> 2021<\/span><\/span><\/div>\n<div><span style=\"font-family: Calibri,sans-serif; font-size: small;\"><a href=\"http:\/\/www.lentour.org\" target=\"_blank\" rel=\"noopener noreferrer\"><span style=\"font-family: Arial,sans-serif; font-size: small;\">www.lentour.org<\/span><\/a><\/span><\/div>\n<div><span style=\"font-family: Calibri,sans-serif; font-size: small;\"><a href=\"https:\/\/fb.me\/e\/5a22XoYSC\" target=\"_blank\" rel=\"noopener noreferrer\"><span style=\"font-family: Arial,sans-serif; font-size: small;\">Page Facebook de l\u2019\u00e9v\u00e9nement<\/span><\/a><\/span><\/div>\n<div><span style=\"font-family: Calibri,sans-serif; font-size: small;\"><span style=\"font-family: Arial,sans-serif; font-size: small;\">\u00a0<\/span><\/span><\/div>\n<div><span style=\"font-family: Calibri,sans-serif; font-size: small;\"><span style=\"font-family: Arial,sans-serif; font-size: small;\">D\u00e9but de la conf\u00e9rence \u00e0 10h sur Zoom<\/span><\/span><\/div>\n<div><span style=\"font-family: Calibri,sans-serif; font-size: small;\"><a href=\"https:\/\/us06web.zoom.us\/j\/99318779334?pwd=akZNSm0rUFNFejZtQzQ4ZC9hNWdYdz09\" target=\"_blank\" rel=\"noopener noreferrer\"><span style=\"font-family: Arial,sans-serif; font-size: small;\">https:\/\/us06web.zoom.us\/j\/99318779334?pwd=akZNSm0rUFNFejZtQzQ4ZC9hNWdYdz09<\/span><\/a><\/span><\/div>\n<div><span style=\"font-family: Calibri,sans-serif; font-size: small;\"><span style=\"font-family: Arial,sans-serif; font-size: small;\">ID de r\u00e9union : 993 1877 9334<\/span><\/span><\/div>\n<div><span style=\"font-family: Calibri,sans-serif; font-size: small;\"><span style=\"font-family: Arial,sans-serif; font-size: small;\">Code secret : 429217<\/span><\/span><\/div>\n<div><\/div>\n<div>\n<div><span style=\"font-family: Calibri,sans-serif; font-size: small;\"><span style=\"font-family: Arial,sans-serif; font-size: small;\"><b>No\u00e9mie Etienne<\/b><\/span><\/span><\/div>\n<div><span style=\"font-family: Calibri,sans-serif; font-size: small;\"><span style=\"font-family: Arial,sans-serif; font-size: small;\"><b>Quand l\u2019entour prend le dessus, l\u2019exemple des dioramas anthropologiques<\/b><\/span><\/span><\/div>\n<div><span style=\"font-family: Calibri,sans-serif; font-size: small;\"><span style=\"font-family: Arial,sans-serif; font-size: small;\">\u00a0<\/span><\/span><\/div>\n<div><span style=\"font-family: Calibri,sans-serif; font-size: small;\"><span style=\"font-family: Arial,sans-serif; font-size: small;\">Les dioramas sont des dispositifs d\u2019exposition m\u00ealant peinture, sculpture, moulage, taxidermie, et objets issus des collections mus\u00e9ales. Ils pr\u00e9sentent derri\u00e8re une vitre des situations reconstitu\u00e9es, souvent avec une ambition hyperr\u00e9aliste. Leur succ\u00e8s populaire se mesure \u00e0 l\u2019\u00e9chelle mondiale, malgr\u00e9 les nombreux d\u00e9bats concernant les repr\u00e9sentations st\u00e9r\u00e9otyp\u00e9es qu\u2019ils donnent \u00e0 voir. Sous la plume des anthropologues qui les utilisent aux Etats-Unis autour de 1900, les dioramas doivent \u00ab expliquer la signification d\u2019un artefact \u00bb, en cr\u00e9ant une mise en sc\u00e8ne qui montre l\u2019usage d\u2019une partie des collections. Cette terminologie rappelle que le mot display vient du latin <\/span><span style=\"font-family: Arial,sans-serif; font-size: small;\"><i>displicare<\/i><\/span><span style=\"font-family: Arial,sans-serif; font-size: small;\">, signifiant d\u00e9plier, d\u00e9ployer. Les dioramas sont \u00e0 la fois un geste et un r\u00e9sultat : ils expliquent la culture mat\u00e9rielle mais sont aussi des objets de collection, montr\u00e9s comme tels par exemple dans l\u2019exposition <\/span><span style=\"font-family: Arial,sans-serif; font-size: small;\"><i>Dioramas<\/i><\/span><span style=\"font-family: Arial,sans-serif; font-size: small;\"> au Palais de Tokyo \u00e0 Paris (2017). Ils prennent m\u00eame le pas sur les artefacts qu\u2019ils doivent mettre en sc\u00e8ne. En outre, la fabrication des dioramas implique parfois la fabrication ad hoc d\u2019autres objets, comme des v\u00eatements pour habiller les mannequins, et dont l\u2019authenticit\u00e9 pose question. Dans cette communication, j\u2019\u00e9tudierai les dioramas comme des dispositifs multim\u00e9dia, politiques, qui d\u00e9terminent, prolongent et d\u00e9passent les collections qu\u2019ils mettent en sc\u00e8ne.<\/span><\/span><\/div>\n<div><span style=\"font-family: Calibri,sans-serif; font-size: small;\"><span style=\"font-family: Arial,sans-serif; font-size: small;\">\u00a0<\/span><\/span><\/div>\n<\/div>\n<p>&nbsp;<\/p>\n","protected":false},"excerpt":{"rendered":"<p>S\u00e9minaire L\u2019entour Histoire et technique de la sc\u00e9nographie d\u2019exposition Enseignement commun\u00a0: Beaux-Arts de Paris &amp; Ecole nationale sup\u00e9rieure d\u2019architecture Paris-Malaquais Conf\u00e9rence du mercredi&hellip;<\/p>\n","protected":false},"author":2,"featured_media":2485,"comment_status":"closed","ping_status":"closed","sticky":false,"template":"","format":"standard","meta":{"footnotes":""},"categories":[7],"tags":[],"class_list":["post-2483","post","type-post","status-publish","format-standard","has-post-thumbnail","hentry","category-news"],"_links":{"self":[{"href":"https:\/\/theexotic.ch\/index.php?rest_route=\/wp\/v2\/posts\/2483","targetHints":{"allow":["GET"]}}],"collection":[{"href":"https:\/\/theexotic.ch\/index.php?rest_route=\/wp\/v2\/posts"}],"about":[{"href":"https:\/\/theexotic.ch\/index.php?rest_route=\/wp\/v2\/types\/post"}],"author":[{"embeddable":true,"href":"https:\/\/theexotic.ch\/index.php?rest_route=\/wp\/v2\/users\/2"}],"replies":[{"embeddable":true,"href":"https:\/\/theexotic.ch\/index.php?rest_route=%2Fwp%2Fv2%2Fcomments&post=2483"}],"version-history":[{"count":1,"href":"https:\/\/theexotic.ch\/index.php?rest_route=\/wp\/v2\/posts\/2483\/revisions"}],"predecessor-version":[{"id":2486,"href":"https:\/\/theexotic.ch\/index.php?rest_route=\/wp\/v2\/posts\/2483\/revisions\/2486"}],"wp:featuredmedia":[{"embeddable":true,"href":"https:\/\/theexotic.ch\/index.php?rest_route=\/wp\/v2\/media\/2485"}],"wp:attachment":[{"href":"https:\/\/theexotic.ch\/index.php?rest_route=%2Fwp%2Fv2%2Fmedia&parent=2483"}],"wp:term":[{"taxonomy":"category","embeddable":true,"href":"https:\/\/theexotic.ch\/index.php?rest_route=%2Fwp%2Fv2%2Fcategories&post=2483"},{"taxonomy":"post_tag","embeddable":true,"href":"https:\/\/theexotic.ch\/index.php?rest_route=%2Fwp%2Fv2%2Ftags&post=2483"}],"curies":[{"name":"wp","href":"https:\/\/api.w.org\/{rel}","templated":true}]}}