{"id":720,"date":"2017-06-06T11:23:47","date_gmt":"2017-06-06T09:23:47","guid":{"rendered":"http:\/\/theexotic.ch\/?p=720"},"modified":"2017-06-06T11:24:18","modified_gmt":"2017-06-06T09:24:18","slug":"cfp-lart-du-diorama-culture-et-musees-deadline-june-30-2017","status":"publish","type":"post","link":"https:\/\/theexotic.ch\/?p=720","title":{"rendered":"CFP: L&#8217;art du diorama, Culture et Mus\u00e9es, deadline: June 30, 2017."},"content":{"rendered":"<p><img decoding=\"async\" class=\"absimg\" src=\"https:\/\/html2-f.scribdassets.com\/1d4xy9ngn45tydk0\/images\/1-0630d7e1a0.png\" \/><\/p>\n<p>Revue Culture &amp; Mus\u00e9es: Appel \u00e0 proposition d\u2019article pour un num\u00e9ro<br \/>\nth\u00e9matique<\/p>\n<p><strong><span class=\"il\">L<\/span>\u2019<span class=\"il\">art<\/span> du <span class=\"il\">diorama<\/span>\u00a0(1700-2000)<\/strong><br \/>\nSous la direction de No\u00e9mie Etienne et Nadia Radwan (Universit\u00e9 de<br \/>\nBerne)<\/p>\n<p>Entendu comme un dispositif d\u2019exposition multidimensionnel et<br \/>\nmultim\u00e9dia, le <span class=\"il\">diorama<\/span> est \u00e0 la fronti\u00e8re de diff\u00e9rentes disciplines et<br \/>\ncat\u00e9gories d\u2019institutions mus\u00e9ales. Ce dispositif int\u00e9resse les<br \/>\nanthropologues, les s\u00e9miologues, les g\u00e9ographes, mais aussi les<br \/>\nchercheurs en histoire naturelle, les pr\u00e9historiens, les historiens et<br \/>\nhistoriens d\u2019<span class=\"il\">art<\/span>. Il interroge \u00e9galement les artistes contemporains,<br \/>\ncomme le montre la persistance de ce que <span class=\"il\">l<\/span>\u2019on peut appeler une<br \/>\nesth\u00e9tique du <span class=\"il\">diorama<\/span> chez des artistes tels que Marcel Duchamp, Edward<br \/>\nKienholz, Marc Dion, ou Thomas Hirschorn.<br \/>\nLes <span class=\"il\">dioramas<\/span> ont \u00e9t\u00e9 \u00e9tudi\u00e9s comme pr\u00e9curseurs du cin\u00e9ma (Griffiths,<br \/>\n2002), ou comme dispositifs singuliers dans les domaines des sciences<br \/>\nnaturelles et de <span class=\"il\">l<\/span>\u2019anthropologie (Rader, Cain, 2014). Les \u00e9tudes<br \/>\npostcoloniales, dans le sillage de <span class=\"il\">l<\/span>\u2019article de Donna Haraway, ont<br \/>\nport\u00e9 un regard critique sur ces installations (Haraway, 1984\u00a0;<br \/>\nMitchell,\u00a01988 ; \u00c7elik, 1992). Pourtant, ces \u00e9tudes n\u2019ont consid\u00e9r\u00e9 que<br \/>\nles exemples r\u00e9alis\u00e9s en Europe et aux \u00c9tats-Unis, tandis que ces<br \/>\ndispositifs sont largement r\u00e9pandus en Am\u00e9rique latine, en Asie ou au<br \/>\nMoyen Orient.<br \/>\nVingt ans apr\u00e8s le num\u00e9ro consacr\u00e9 aux <span class=\"il\">dioramas<\/span> par la revue Public &amp;<br \/>\nMus\u00e9es sous la direction de Bernard Schiele (1996) qui questionnait le<br \/>\nstatut du <span class=\"il\">diorama<\/span> en mus\u00e9ologie, il importe de r\u00e9interroger ces<br \/>\ninstallations. Ce num\u00e9ro propose de remettre le <span class=\"il\">diorama<\/span> au centre d\u2019une<br \/>\n\u00e9tude des institutions mus\u00e9ales, en insistant d\u2019une part, sur la<br \/>\nmat\u00e9rialit\u00e9 de ces dispositifs (Bennett, Joyce, 2010), et, d\u2019autre<br \/>\npart, sur <span class=\"il\">l<\/span>\u2019identit\u00e9 de ceux qui les fabriquent. Il examinera \u00e9galement<br \/>\nles questions li\u00e9es \u00e0 <span class=\"il\">l<\/span>\u2019op\u00e9rativit\u00e9 symbolique et sociale des <span class=\"il\">dioramas<\/span><br \/>\net \u00e0 leur r\u00e9ception par les publics. Enfin, <span class=\"il\">l<\/span>\u2019authenticit\u00e9 des espaces<br \/>\nainsi cr\u00e9\u00e9s sera au c\u0153ur des interrogations. Cette question est<br \/>\nd\u2019autant plus urgente que de nombreux mus\u00e9es discutent aujourd\u2019hui de<br \/>\nla conservation de ces dispositifs qui appartiennent \u00e0 <span class=\"il\">l<\/span>\u2019histoire des<br \/>\nmus\u00e9es, mais aussi \u00e0 son futur.<br \/>\n<span class=\"il\">L<\/span>\u2019objectif de ce num\u00e9ro est de r\u00e9unir une s\u00e9rie de recherches sur les<br \/>\n<span class=\"il\">dioramas<\/span> entendus comme dispositifs mus\u00e9ographiques singuliers en<br \/>\nallant de leur conception \u00e0 leur r\u00e9ception par diff\u00e9rentes cat\u00e9gories<br \/>\nde publics. Trois entr\u00e9es sont propos\u00e9es\u00a0:<\/p>\n<p><strong>S\u00e9miotique et Mat\u00e9rialit\u00e9<\/strong><br \/>\nLes <span class=\"il\">dioramas<\/span> donnent une place aux fragments en les organisant dans un<br \/>\nsyst\u00e8me et requalifient la culture mat\u00e9rielle (Kirschenblatt, 1998).<br \/>\nPeut-on avec profit les aborder comme des assemblages (Bennett, 2010),<br \/>\ndes agencements (Bennett et alii, 2017), ou encore, pour reprendre un<br \/>\nterme de <span class=\"il\">l<\/span>\u2019<span class=\"il\">art<\/span> contemporain, des installations ? Nous nous<br \/>\nint\u00e9resserons ici aux caract\u00e9ristiques formelles de ces dispositifs\u00a0:<br \/>\npeut-on \u00e9tablir une grammaire des <span class=\"il\">dioramas<\/span> ? Quels en seraient les<br \/>\n\u00e9<span class=\"il\">l<\/span>\u00e9ments, vu <span class=\"il\">l<\/span>\u2019h\u00e9t\u00e9rog\u00e9n\u00e9it\u00e9 des mat\u00e9riaux (cire, pl\u00e2tre, bois), des<br \/>\nm\u00e9diums (peinture, sculpture, taxidermie), mais aussi des registres<br \/>\n(r\u00e9alistes, po\u00e9tiques, etc.)? Enfin, comment les diff\u00e9rentes \u00e9chelles<br \/>\n(maquette, mini-<span class=\"il\">diorama<\/span>, taille r\u00e9elle, dispositifs monumentaux)<br \/>\nd\u00e9terminent-elles <span class=\"il\">l<\/span>\u2019usage et la pratique des <span class=\"il\">dioramas<\/span> ?<\/p>\n<p><strong>Acteurs<\/strong><br \/>\nOn accordera une attention soutenue aux acteurs de ces dispositifs \u2013<br \/>\nqu\u2019ils soient artistes, scientifiques, artisans, identifi\u00e9s ou non. La<br \/>\ncarri\u00e8re des sculpteurs, peintres, taxidermistes, photographes,<br \/>\nd\u00e9corateurs ou anthropologues, leur statut en tant que praticiens \u00e0 la<br \/>\ncrois\u00e9e de diverses disciplines, le r\u00f4le qu\u2019ils ont jou\u00e9 dans la<br \/>\nd\u00e9finition de leur pratique ainsi que les enjeux de la conception des<br \/>\n<span class=\"il\">dioramas<\/span>, retiendront notre attention. En dehors des trajectoires<br \/>\nindividuelles et collectives, il sera possible d\u2019examiner les r\u00e9seaux<br \/>\ntransnationaux par lesquels s\u2019effectue la transmission de savoirs \u00e0 la<br \/>\ncrois\u00e9e des approches scientifiques et artistiques\u00a0: de plus, du point<br \/>\nde vue d\u2019une histoire sociale des m\u00e9tiers, on mettra en \u00e9vidence les<br \/>\nn\u00e9gociations et red\u00e9finitions des identit\u00e9s professionnelles que ces<br \/>\nprojets collectifs et interdisciplinaires engendrent.<\/p>\n<p><strong>R\u00e9ceptions<\/strong><br \/>\nLes <span class=\"il\">dioramas<\/span> sont des lieux privil\u00e9gi\u00e9s de transmission, mais aussi<br \/>\nd\u2019\u00e9laboration \u2013 et parfois de contestation \u2013 des discours scientifiques<br \/>\net historiques, en marge d\u2019autres espaces de production des savoirs<br \/>\n(foires, universit\u00e9, livre, etc.). Quel est <span class=\"il\">l<\/span>\u2019impact des <span class=\"il\">dioramas<\/span> sur<br \/>\nles publics et comment saisir la r\u00e9ception de cette forme dans divers<br \/>\nmus\u00e9es \u00e0 une \u00e9chelle globale\u00a0? R\u00e9ciproquement, quelle est la port\u00e9e des<br \/>\npublics sur la transformation de ces dispositifs\u00a0? Les <span class=\"il\">dioramas<\/span> ont<br \/>\naussi une dimension esth\u00e9tique, qui semble avoir inspir\u00e9 de nombreux<br \/>\nartistes. On s\u2019interrogera enfin sur les r\u00e9cits ou encore les images<br \/>\nque suscitent ces installations, pour questionner leur port\u00e9e<br \/>\nsensorielle et cognitive sur les imaginaires.<\/p>\n<p><strong>R\u00e9f\u00e9rences\u00a0:<\/strong><br \/>\nBennett Jane. 2010. Vibrant Matter. A Political Ecology of Things,<br \/>\nDurham et Londres : Duke University Press.<\/p>\n<p>Bennett Tony, Patrick Joyce. 2010. Material Powers. Cultural Studies,<br \/>\nHistory, and the Material Turn, Londres : Routledge.<\/p>\n<p>Bennett Tony, Fiona Cameron, N\u00e9lia Dias, et alii. 2017.<br \/>\nCollecting, Ordering, Governing. Anthropology, Museums, and Liberal<br \/>\nGovernment. Durham et Londres. Duke University Press.<\/p>\n<p>\u00c7elik, Zeynep. 1992. Displaying the Orient: Architecture of Islam at<br \/>\nNineteenth-century World&#8217;s Fairs. Berkeley : University of California<br \/>\nPress.<\/p>\n<p>Griffiths, Alison. 2002. Wondrous Difference : Cinema, Anthropology &amp;<br \/>\nTurn-of-the-century Visual Culture, New York: Columbia University Press.<\/p>\n<p>Haraway, Donna. 1984-85. \u00ab\u00a0Teddy Bear Patriarchy: Taxidermy in the<br \/>\nGarden Even, 1908-1936\u00a0\u00bb. Social Text. No 11, Winter, p. 19-64.<\/p>\n<p>Kirschenblatt-Gimblett, Barbara. 1998. Destination Culture\u00a0: Tourism,<br \/>\nMuseums, and Heritage. Berkeley : University of California Press.<\/p>\n<p>Mitchell, Timothy. 1988. Colonizing Egypt. Cambridge; New York :<br \/>\nCambridge University Press.<\/p>\n<p>Rader, Karen\u00a0; Cain, Victoria E. M. 2014. Life on Display.<br \/>\nRevolutionizing U.S. Museums of Science and Natural History in the<br \/>\nTwentieth Century. Chicago et Londres : The University of Chicago Press.<\/p>\n<p>Envoi des r\u00e9sum\u00e9s\u00a0:<br \/>\nMerci d\u2019adresser vos propositions d\u2019articles sous la forme de r\u00e9sum\u00e9s<br \/>\n(environ 5000 signes) par courriel avant le 30 juin 2017 \u00e0 No\u00e9mie<br \/>\nEtienne (<a href=\"mailto:noemie.etienne@ikg.unibe.ch\">noemie.etienne@ikg.unibe.ch<\/a>), Nadia Radwan<br \/>\n(<a href=\"mailto:nadia.radwan@ikg.unibe.ch\">nadia.radwan@ikg.unibe.ch<\/a>) et Marie-Christine Bordeaux<br \/>\n(<a href=\"mailto:mc.bordeaux@wanadoo.fr\">mc.bordeaux@wanadoo.fr<\/a>).<\/p>\n<p>Les r\u00e9sum\u00e9s comporteront\u00a0:<br \/>\n&#8211; un titre<br \/>\n&#8211; 5 r\u00e9f\u00e9rences bibliographiques<br \/>\n&#8211; les noms, adresse \u00e9lectronique, qualit\u00e9 et rattachement<br \/>\ninstitutionnel (Universit\u00e9, laboratoire) de leur auteur.e.<\/p>\n<p>Calendrier :<br \/>\nFin juin 2017 : r\u00e9ception des propositions (r\u00e9sum\u00e9s)<br \/>\nD\u00e9but juillet 2017 : r\u00e9ponse aux auteurs et commande des textes aux<br \/>\nauteurs retenus<br \/>\nFin octobre 2017 : r\u00e9ception des textes<br \/>\nJanvier 2018 : r\u00e9ponses d\u00e9finitives aux auteurs et propositions<br \/>\n\u00e9ventuelles de modifications<br \/>\nAvril 2018 : r\u00e9ception des textes modifi\u00e9s et navettes \u00e9ditoriales<br \/>\nD\u00e9cembre 2018 : publication<\/p>\n<p>Contact\u00a0:<br \/>\nNo\u00e9mie Etienne<br \/>\n<a href=\"mailto:noemie.etienne@ikg.unibe.ch\">noemie.etienne@ikg.unibe.ch<\/a><br \/>\nUniversit\u00e9 de Berne<br \/>\nInstitut f\u00fcr Kunstgeschichte<br \/>\nHodlerstrasse 8, CH-3011 Bern<\/p>\n<p>La revue Culture &amp; Mus\u00e9es<br \/>\nCulture &amp; Mus\u00e9es est une revue scientifique transdisciplinaire \u00e0 comit\u00e9<br \/>\nde lecture. Ses publications sont orient\u00e9es vers des travaux de<br \/>\nrecherche in\u00e9dits sur les publics, les institutions et les m\u00e9diations<br \/>\nde la culture. Depuis 2010, elle poss\u00e8de une dimension internationale<br \/>\ncar elle est index\u00e9e \u00e0 <span class=\"il\">l<\/span>&#8216;INIST et sur les bases\u00a0Arts and Humanities<br \/>\nCitation Index\u00a0(Thomson Reuters). Les contributions, regroup\u00e9es autour<br \/>\nd\u2019un th\u00e8me, font de chaque livraison un ouvrage collectif charg\u00e9<br \/>\nd\u2019approfondir un th\u00e8me ou une question. La revue est co-\u00e9dit\u00e9e par<br \/>\n<span class=\"il\">l<\/span>\u2019Universit\u00e9 d\u2019Avignon et les \u00e9ditions Actes Sud.<\/p>\n<p>Directeurs de la r\u00e9daction<br \/>\nFr\u00e9d\u00e9ric Gimello-Mesplomb, directeur de publication, Universit\u00e9<br \/>\nd\u2019Avignon et des Pays de Vaucluse<br \/>\nEric Triquet, directeur adjoint de publication, Universit\u00e9 d\u2019Avignon et<br \/>\ndes Pays de Vaucluse<br \/>\nYves Winkin, directeur de r\u00e9daction, Mus\u00e9e des arts et m\u00e9tiers, CNAM<br \/>\nMarie-Christine Bordeaux, directrice de r\u00e9daction, Universit\u00e9 Grenoble<br \/>\nAlpes<\/p>\n","protected":false},"excerpt":{"rendered":"<p>Revue Culture &amp; Mus\u00e9es: Appel \u00e0 proposition d\u2019article pour un num\u00e9ro th\u00e9matique L\u2019art du diorama\u00a0(1700-2000) Sous la direction de No\u00e9mie Etienne et Nadia&hellip;<\/p>\n","protected":false},"author":2,"featured_media":721,"comment_status":"closed","ping_status":"closed","sticky":false,"template":"","format":"standard","meta":{"footnotes":""},"categories":[7],"tags":[],"class_list":["post-720","post","type-post","status-publish","format-standard","has-post-thumbnail","hentry","category-news"],"_links":{"self":[{"href":"https:\/\/theexotic.ch\/index.php?rest_route=\/wp\/v2\/posts\/720","targetHints":{"allow":["GET"]}}],"collection":[{"href":"https:\/\/theexotic.ch\/index.php?rest_route=\/wp\/v2\/posts"}],"about":[{"href":"https:\/\/theexotic.ch\/index.php?rest_route=\/wp\/v2\/types\/post"}],"author":[{"embeddable":true,"href":"https:\/\/theexotic.ch\/index.php?rest_route=\/wp\/v2\/users\/2"}],"replies":[{"embeddable":true,"href":"https:\/\/theexotic.ch\/index.php?rest_route=%2Fwp%2Fv2%2Fcomments&post=720"}],"version-history":[{"count":2,"href":"https:\/\/theexotic.ch\/index.php?rest_route=\/wp\/v2\/posts\/720\/revisions"}],"predecessor-version":[{"id":725,"href":"https:\/\/theexotic.ch\/index.php?rest_route=\/wp\/v2\/posts\/720\/revisions\/725"}],"wp:featuredmedia":[{"embeddable":true,"href":"https:\/\/theexotic.ch\/index.php?rest_route=\/wp\/v2\/media\/721"}],"wp:attachment":[{"href":"https:\/\/theexotic.ch\/index.php?rest_route=%2Fwp%2Fv2%2Fmedia&parent=720"}],"wp:term":[{"taxonomy":"category","embeddable":true,"href":"https:\/\/theexotic.ch\/index.php?rest_route=%2Fwp%2Fv2%2Fcategories&post=720"},{"taxonomy":"post_tag","embeddable":true,"href":"https:\/\/theexotic.ch\/index.php?rest_route=%2Fwp%2Fv2%2Ftags&post=720"}],"curies":[{"name":"wp","href":"https:\/\/api.w.org\/{rel}","templated":true}]}}