{"id":788,"date":"2017-09-07T08:29:52","date_gmt":"2017-09-07T06:29:52","guid":{"rendered":"http:\/\/theexotic.ch\/?p=788"},"modified":"2017-09-18T11:48:09","modified_gmt":"2017-09-18T09:48:09","slug":"research-trip-in-nouvelle-francequebec","status":"publish","type":"post","link":"https:\/\/theexotic.ch\/?p=788","title":{"rendered":"Research Trip in Quebec, August 2017. Pour une histoire des anti-images."},"content":{"rendered":"<div id=\"attachment_839\" style=\"width: 766px\" class=\"wp-caption alignnone\"><img loading=\"lazy\" decoding=\"async\" aria-describedby=\"caption-attachment-839\" class=\"wp-image-839\" src=\"http:\/\/theexotic.ch\/wp-content\/uploads\/2017\/08\/mcq-300x169.jpg\" alt=\"\" width=\"756\" height=\"426\" srcset=\"https:\/\/theexotic.ch\/wp-content\/uploads\/2017\/08\/mcq-300x169.jpg 300w, https:\/\/theexotic.ch\/wp-content\/uploads\/2017\/08\/mcq-768x432.jpg 768w, https:\/\/theexotic.ch\/wp-content\/uploads\/2017\/08\/mcq-1024x576.jpg 1024w, https:\/\/theexotic.ch\/wp-content\/uploads\/2017\/08\/mcq-1260x709.jpg 1260w, https:\/\/theexotic.ch\/wp-content\/uploads\/2017\/08\/mcq-800x450.jpg 800w\" sizes=\"auto, (max-width: 756px) 100vw, 756px\" \/><p id=\"caption-attachment-839\" class=\"wp-caption-text\">Sara Petrella and Jean Tanguay visit the storage of the Mus\u00e9e de la Civilisation of Qu\u00e9bec<\/p><\/div>\n<p>With the support of Schmidheiny Foundation and Soci\u00e9t\u00e9 Acad\u00e9mique of Geneva, Sara Petrella and Aldo Trucchio took a research trip in July and August 2017 to visit museum storage collections of Qu\u00e9bec and study artefacts from autochthonous communities of New France (17th-19th C.). This trip forms the early part of a comparatist research project that will include field studies in Africa and Asia, entitled\u00a0<em>L\u2019Occident au miroir: pour une histoire des \u201canti-images\u201d<\/em>. The research aims to study how Western representations of alterity (monsters, savages, demons\u2026) have been reinterpreted at the time of the encounter of missionaries, explorers and colonisers with autochthonous peoples. The project provides the opportunity to highlight the recovery of \u00a0more recent, as well as older, satirical and caricatural themes and the bricolage between traditions and discoveries; art and science.<\/p>\n<p>&nbsp;<\/p>\n<div id=\"attachment_837\" style=\"width: 570px\" class=\"wp-caption alignnone\"><img loading=\"lazy\" decoding=\"async\" aria-describedby=\"caption-attachment-837\" class=\"wp-image-837\" src=\"http:\/\/theexotic.ch\/wp-content\/uploads\/2017\/08\/mccord-300x225.jpg\" alt=\"\" width=\"560\" height=\"420\" srcset=\"https:\/\/theexotic.ch\/wp-content\/uploads\/2017\/08\/mccord-300x225.jpg 300w, https:\/\/theexotic.ch\/wp-content\/uploads\/2017\/08\/mccord-768x576.jpg 768w, https:\/\/theexotic.ch\/wp-content\/uploads\/2017\/08\/mccord-1024x768.jpg 1024w\" sizes=\"auto, (max-width: 560px) 100vw, 560px\" \/><p id=\"caption-attachment-837\" class=\"wp-caption-text\">Sara Petrella and Ghislaine Lemay visit the storage of the McCord Museum of Montr\u00e9al<\/p><\/div>\n<div id=\"attachment_840\" style=\"width: 235px\" class=\"wp-caption alignnone\"><img loading=\"lazy\" decoding=\"async\" aria-describedby=\"caption-attachment-840\" class=\"wp-image-840 size-medium\" src=\"http:\/\/theexotic.ch\/wp-content\/uploads\/2017\/08\/wendake-225x300.jpg\" alt=\"\" width=\"225\" height=\"300\" srcset=\"https:\/\/theexotic.ch\/wp-content\/uploads\/2017\/08\/wendake-225x300.jpg 225w, https:\/\/theexotic.ch\/wp-content\/uploads\/2017\/08\/wendake-768x1024.jpg 768w\" sizes=\"auto, (max-width: 225px) 100vw, 225px\" \/><p id=\"caption-attachment-840\" class=\"wp-caption-text\">Aldo Trucchio with Michel Savard in the storage of the Huron-Wendat Museum of Wendake<\/p><\/div>\n<div id=\"attachment_792\" style=\"width: 557px\" class=\"wp-caption alignnone\"><img loading=\"lazy\" decoding=\"async\" aria-describedby=\"caption-attachment-792\" class=\"wp-image-792\" src=\"http:\/\/theexotic.ch\/wp-content\/uploads\/2017\/08\/Photo20princ-300x169.jpg\" alt=\"\" width=\"547\" height=\"309\" srcset=\"https:\/\/theexotic.ch\/wp-content\/uploads\/2017\/08\/Photo20princ-300x169.jpg 300w, https:\/\/theexotic.ch\/wp-content\/uploads\/2017\/08\/Photo20princ-768x432.jpg 768w, https:\/\/theexotic.ch\/wp-content\/uploads\/2017\/08\/Photo20princ-1024x576.jpg 1024w, https:\/\/theexotic.ch\/wp-content\/uploads\/2017\/08\/Photo20princ-1260x709.jpg 1260w, https:\/\/theexotic.ch\/wp-content\/uploads\/2017\/08\/Photo20princ-800x450.jpg 800w\" sizes=\"auto, (max-width: 547px) 100vw, 547px\" \/><p id=\"caption-attachment-792\" class=\"wp-caption-text\">Sara Petrella visited the Canadian Museum of History at Gatineau with the curators Jonathan Lainey and Timothy P. Fora<\/p><\/div>\n<p>&nbsp;<\/p>\n","protected":false},"excerpt":{"rendered":"<p>With the support of Schmidheiny Foundation and Soci\u00e9t\u00e9 Acad\u00e9mique of Geneva, Sara Petrella and Aldo Trucchio took a research trip in July and&hellip;<\/p>\n","protected":false},"author":2,"featured_media":813,"comment_status":"closed","ping_status":"closed","sticky":false,"template":"","format":"standard","meta":{"footnotes":""},"categories":[7],"tags":[],"class_list":["post-788","post","type-post","status-publish","format-standard","has-post-thumbnail","hentry","category-news"],"_links":{"self":[{"href":"https:\/\/theexotic.ch\/index.php?rest_route=\/wp\/v2\/posts\/788","targetHints":{"allow":["GET"]}}],"collection":[{"href":"https:\/\/theexotic.ch\/index.php?rest_route=\/wp\/v2\/posts"}],"about":[{"href":"https:\/\/theexotic.ch\/index.php?rest_route=\/wp\/v2\/types\/post"}],"author":[{"embeddable":true,"href":"https:\/\/theexotic.ch\/index.php?rest_route=\/wp\/v2\/users\/2"}],"replies":[{"embeddable":true,"href":"https:\/\/theexotic.ch\/index.php?rest_route=%2Fwp%2Fv2%2Fcomments&post=788"}],"version-history":[{"count":16,"href":"https:\/\/theexotic.ch\/index.php?rest_route=\/wp\/v2\/posts\/788\/revisions"}],"predecessor-version":[{"id":845,"href":"https:\/\/theexotic.ch\/index.php?rest_route=\/wp\/v2\/posts\/788\/revisions\/845"}],"wp:featuredmedia":[{"embeddable":true,"href":"https:\/\/theexotic.ch\/index.php?rest_route=\/wp\/v2\/media\/813"}],"wp:attachment":[{"href":"https:\/\/theexotic.ch\/index.php?rest_route=%2Fwp%2Fv2%2Fmedia&parent=788"}],"wp:term":[{"taxonomy":"category","embeddable":true,"href":"https:\/\/theexotic.ch\/index.php?rest_route=%2Fwp%2Fv2%2Fcategories&post=788"},{"taxonomy":"post_tag","embeddable":true,"href":"https:\/\/theexotic.ch\/index.php?rest_route=%2Fwp%2Fv2%2Ftags&post=788"}],"curies":[{"name":"wp","href":"https:\/\/api.w.org\/{rel}","templated":true}]}}